{"id":490,"date":"2014-11-12T10:58:37","date_gmt":"2014-11-12T12:58:37","guid":{"rendered":"http:\/\/fondcf.andifes.org.br\/?p=490"},"modified":"2025-02-20T10:58:56","modified_gmt":"2025-02-20T13:58:56","slug":"forum-de-contabilidade-e-financas-das-universidades-se-reune-na-andifes","status":"publish","type":"post","link":"https:\/\/fondcf.andifes.org.br\/index.php\/2014\/11\/12\/forum-de-contabilidade-e-financas-das-universidades-se-reune-na-andifes\/","title":{"rendered":"F\u00f3rum de Contabilidade e Finan\u00e7as das universidades se re\u00fane na Andifes"},"content":{"rendered":"\n<figure class=\"wp-block-image aligncenter\"><a href=\"https:\/\/www.andifes.org.br\/wp-content\/uploads\/2014\/11\/FONDCF-055.jpg\"><img decoding=\"async\" src=\"https:\/\/www.andifes.org.br\/wp-content\/uploads\/2014\/11\/FONDCF-055.jpg\" alt=\"\" class=\"wp-image-29173\" title=\"FONDCF 055\"\/><\/a><\/figure>\n\n\n\n<p>O F\u00f3rum Nacional dos Diretores da Contabilidade e Finan\u00e7as das Universidades Federais Brasileiras (FONDCF), &nbsp; est\u00e1 realizando esta semana, na sede da Associa\u00e7\u00e3o Nacional dos Dirigentes das Institui\u00e7\u00f5es Federais de Ensino Superior (Andifes), a XXV Reuni\u00e3o Extraordin\u00e1ria.<\/p>\n\n\n\n<p>A abertura do evento, ontem (11), contou com a participa\u00e7\u00e3o do secret\u00e1rio executivo da Andifes, Gustavo Balduino, o diretor da contabilidade da Universidade de Bras\u00edlia (UnB), Tiago Mota, o pr\u00f3-reitor de administra\u00e7\u00e3o da UnB, Luis Afonso Bermudes, o pr\u00f3-reitor de Planejamento, Administra\u00e7\u00e3o da Universidade Federal de Alfenas (Unifal-MG) e coordenador do Forplad, Tom\u00e1s Santana, o subsecret\u00e1rio de moderniza\u00e7\u00e3o da gest\u00e3o de finan\u00e7as da Sefaz\/RJ, Paulo Henrique Feij\u00f3 e da representante da contabilidade p\u00fablica do Tesouro Nacional do Minist\u00e9rio da Fazenda, Gabriela Abreu.<\/p>\n\n\n\n<p>No primeiro dia de reuni\u00e3o foi discutido o plano de cotas aplicado ao setor p\u00fablico, com palestras do subsecret\u00e1rio Paulo Feij\u00f3. Avalia\u00e7\u00e3o e mensura\u00e7\u00e3o do ativo imobilizado, foi o segundo tema com palestra do especialista em contabilidade p\u00fablica e responsabilidade fiscal, Diogo Duarte Barbosa. Hoje (12), os participantes assistiram a uma palestra a respeito do relat\u00f3rio de gest\u00e3o e normas do Tribunal de Contas da Uni\u00e3o (TCU), sobre presta\u00e7\u00e3o de contas anual, com o Diretor do SECEX\/TCU da \u00e1rea de educa\u00e7\u00e3o, Eduardo Favero.<\/p>\n\n\n\n<p>Amanh\u00e3 o evento segue com palestra de representantes da Subsecretaria de Contabilidade P\u00fablica da Secretaria do Tesouro Nacional, Diego Boente, analista da Ger\u00eancia de Normas e Procedimentos Cont\u00e1beis (CCONF) e Liana Ferreira, analista chefe do N\u00facleo de Sistematiza\u00e7\u00e3o Cont\u00e1bil (CCONT), os dois tratar\u00e3o do plano de contas aplicado ao setor p\u00fablico.<\/p>\n\n\n\n<p>O encerramento das atividades acontece na sexta-feira (14), com apresenta\u00e7\u00e3o do Sistema Integrado de Patrim\u00f4nio, Administra\u00e7\u00e3o e Contratos (SIPAC) e palestra com N\u00facia Ferreira, da Secretaria de Planejamento e Or\u00e7amento do Minist\u00e9rio da Educa\u00e7\u00e3o (MEC), que falar\u00e1 sobre o exerc\u00edcio financeiro de 2014 e abertura de 2015. Ela tratar\u00e1 tamb\u00e9m dos impactos do novo Plano de Contas Aplicado ao Setor P\u00fablico no SIAF.<\/p>\n\n\n\n<figure class=\"wp-block-image aligncenter\"><a href=\"https:\/\/www.andifes.org.br\/wp-content\/uploads\/2014\/11\/FONDCF-001.jpg\"><img decoding=\"async\" src=\"https:\/\/www.andifes.org.br\/wp-content\/uploads\/2014\/11\/FONDCF-001.jpg\" alt=\"\" class=\"wp-image-29174\" title=\"FONDCF 001\"\/><\/a><\/figure>\n\n\n\n<p><\/p>\n","protected":false},"excerpt":{"rendered":"<p>O F\u00f3rum Nacional dos Diretores da Contabilidade e Finan\u00e7as das Universidades Federais Brasileiras (FONDCF), &nbsp; est\u00e1 realizando esta semana, na sede da Associa\u00e7\u00e3o Nacional dos Dirigentes das Institui\u00e7\u00f5es Federais de Ensino Superior (Andifes), a XXV Reuni\u00e3o Extraordin\u00e1ria. A abertura do evento, ontem (11), contou com a participa\u00e7\u00e3o do secret\u00e1rio executivo da Andifes, Gustavo Balduino, o [&hellip;]<\/p>\n","protected":false},"author":1,"featured_media":491,"comment_status":"closed","ping_status":"open","sticky":false,"template":"","format":"standard","meta":{"footnotes":""},"categories":[4],"tags":[],"class_list":["post-490","post","type-post","status-publish","format-standard","has-post-thumbnail","hentry","category-noticias"],"_links":{"self":[{"href":"https:\/\/fondcf.andifes.org.br\/index.php\/wp-json\/wp\/v2\/posts\/490","targetHints":{"allow":["GET"]}}],"collection":[{"href":"https:\/\/fondcf.andifes.org.br\/index.php\/wp-json\/wp\/v2\/posts"}],"about":[{"href":"https:\/\/fondcf.andifes.org.br\/index.php\/wp-json\/wp\/v2\/types\/post"}],"author":[{"embeddable":true,"href":"https:\/\/fondcf.andifes.org.br\/index.php\/wp-json\/wp\/v2\/users\/1"}],"replies":[{"embeddable":true,"href":"https:\/\/fondcf.andifes.org.br\/index.php\/wp-json\/wp\/v2\/comments?post=490"}],"version-history":[{"count":1,"href":"https:\/\/fondcf.andifes.org.br\/index.php\/wp-json\/wp\/v2\/posts\/490\/revisions"}],"predecessor-version":[{"id":492,"href":"https:\/\/fondcf.andifes.org.br\/index.php\/wp-json\/wp\/v2\/posts\/490\/revisions\/492"}],"wp:featuredmedia":[{"embeddable":true,"href":"https:\/\/fondcf.andifes.org.br\/index.php\/wp-json\/wp\/v2\/media\/491"}],"wp:attachment":[{"href":"https:\/\/fondcf.andifes.org.br\/index.php\/wp-json\/wp\/v2\/media?parent=490"}],"wp:term":[{"taxonomy":"category","embeddable":true,"href":"https:\/\/fondcf.andifes.org.br\/index.php\/wp-json\/wp\/v2\/categories?post=490"},{"taxonomy":"post_tag","embeddable":true,"href":"https:\/\/fondcf.andifes.org.br\/index.php\/wp-json\/wp\/v2\/tags?post=490"}],"curies":[{"name":"wp","href":"https:\/\/api.w.org\/{rel}","templated":true}]}}