{"id":487,"date":"2015-05-14T10:56:18","date_gmt":"2015-05-14T13:56:18","guid":{"rendered":"http:\/\/fondcf.andifes.org.br\/?p=487"},"modified":"2025-02-20T10:56:41","modified_gmt":"2025-02-20T13:56:41","slug":"ufrn-sedia-reuniao-do-forum-de-diretores-contabeis-de-ifes","status":"publish","type":"post","link":"https:\/\/fondcf.andifes.org.br\/index.php\/2015\/05\/14\/ufrn-sedia-reuniao-do-forum-de-diretores-contabeis-de-ifes\/","title":{"rendered":"UFRN sedia reuni\u00e3o do f\u00f3rum de diretores cont\u00e1beis de IFES"},"content":{"rendered":"\n<p>A Universidade Federal do Rio Grande do Norte (UFRN) sedia at\u00e9 a pr\u00f3xima sexta-feira, 15, a XXIII Reuni\u00e3o Ordin\u00e1ria do F\u00f3rum de Diretores de Contabilidade e Finan\u00e7as (FONDCF).<\/p>\n\n\n\n<p>O evento re\u00fane diretores dos departamentos de contabilidade e finan\u00e7as das Institui\u00e7\u00f5es Federais de Ensino Superior (IFES), com o objetivo de debater assuntos ligados \u00e0 \u00e1rea cont\u00e1bil, or\u00e7ament\u00e1ria e financeira, bem como a troca de experi\u00eancias entre as institui\u00e7\u00f5es.<\/p>\n\n\n\n<p>Dentro da programa\u00e7\u00e3o, que acontece no Praiamar Hotel, constam duas palestras, uma mesa-redonda e a capacita\u00e7\u00e3o Tesouro Gerencial.<\/p>\n\n\n\n<p>Participam do evento os representantes do Minist\u00e9rio do Planejamento Or\u00e7amento e Gest\u00e3o e da Subsecretaria de Planejamento e Or\u00e7amento \u2013 SPO\/MEC e ANDIFES. O pr\u00f3-reitor de Administra\u00e7\u00e3o da UFRN, Jo\u00e3o Batista, conduziu o in\u00edcio da programa\u00e7\u00e3o.<\/p>\n\n\n\n<p>O f\u00f3rum foi fundado em 1992, em Natal, durante a realiza\u00e7\u00e3o do Encontro de Contadores do MEC.<\/p>\n\n\n\n<p><em>AGECOM UFRN<\/em><\/p>\n","protected":false},"excerpt":{"rendered":"<p>A Universidade Federal do Rio Grande do Norte (UFRN) sedia at\u00e9 a pr\u00f3xima sexta-feira, 15, a XXIII Reuni\u00e3o Ordin\u00e1ria do F\u00f3rum de Diretores de Contabilidade e Finan\u00e7as (FONDCF). O evento re\u00fane diretores dos departamentos de contabilidade e finan\u00e7as das Institui\u00e7\u00f5es Federais de Ensino Superior (IFES), com o objetivo de debater assuntos ligados \u00e0 \u00e1rea cont\u00e1bil, [&hellip;]<\/p>\n","protected":false},"author":1,"featured_media":163,"comment_status":"closed","ping_status":"open","sticky":false,"template":"","format":"standard","meta":{"footnotes":""},"categories":[4],"tags":[],"class_list":["post-487","post","type-post","status-publish","format-standard","has-post-thumbnail","hentry","category-noticias"],"_links":{"self":[{"href":"https:\/\/fondcf.andifes.org.br\/index.php\/wp-json\/wp\/v2\/posts\/487","targetHints":{"allow":["GET"]}}],"collection":[{"href":"https:\/\/fondcf.andifes.org.br\/index.php\/wp-json\/wp\/v2\/posts"}],"about":[{"href":"https:\/\/fondcf.andifes.org.br\/index.php\/wp-json\/wp\/v2\/types\/post"}],"author":[{"embeddable":true,"href":"https:\/\/fondcf.andifes.org.br\/index.php\/wp-json\/wp\/v2\/users\/1"}],"replies":[{"embeddable":true,"href":"https:\/\/fondcf.andifes.org.br\/index.php\/wp-json\/wp\/v2\/comments?post=487"}],"version-history":[{"count":1,"href":"https:\/\/fondcf.andifes.org.br\/index.php\/wp-json\/wp\/v2\/posts\/487\/revisions"}],"predecessor-version":[{"id":488,"href":"https:\/\/fondcf.andifes.org.br\/index.php\/wp-json\/wp\/v2\/posts\/487\/revisions\/488"}],"wp:featuredmedia":[{"embeddable":true,"href":"https:\/\/fondcf.andifes.org.br\/index.php\/wp-json\/wp\/v2\/media\/163"}],"wp:attachment":[{"href":"https:\/\/fondcf.andifes.org.br\/index.php\/wp-json\/wp\/v2\/media?parent=487"}],"wp:term":[{"taxonomy":"category","embeddable":true,"href":"https:\/\/fondcf.andifes.org.br\/index.php\/wp-json\/wp\/v2\/categories?post=487"},{"taxonomy":"post_tag","embeddable":true,"href":"https:\/\/fondcf.andifes.org.br\/index.php\/wp-json\/wp\/v2\/tags?post=487"}],"curies":[{"name":"wp","href":"https:\/\/api.w.org\/{rel}","templated":true}]}}