{"id":485,"date":"2016-04-27T10:55:17","date_gmt":"2016-04-27T13:55:17","guid":{"rendered":"http:\/\/fondcf.andifes.org.br\/?p=485"},"modified":"2025-02-20T10:55:41","modified_gmt":"2025-02-20T13:55:41","slug":"unila-sedia-encontro-de-diretores-de-contabilidade-e-financas","status":"publish","type":"post","link":"https:\/\/fondcf.andifes.org.br\/index.php\/2016\/04\/27\/unila-sedia-encontro-de-diretores-de-contabilidade-e-financas\/","title":{"rendered":"UNILA sedia encontro de diretores de contabilidade e finan\u00e7as"},"content":{"rendered":"\n<p>A Universidade Federal da Integra\u00e7\u00e3o Latino-Americana (UNILA) sediar\u00e1 entre os dias 11 e 13 de maio a XXVII Reuni\u00e3o Extraordin\u00e1ria do F\u00f3rum de Diretores de Contabilidade e Finan\u00e7as (FONDCF). O f\u00f3rum foi fundado em 1992, em Natal, durante a realiza\u00e7\u00e3o do Encontro de Contadores do MEC.<\/p>\n\n\n\n<p>O evento re\u00fane diretores dos departamentos de contabilidade e finan\u00e7as de todas as Universidades Federais, com o objetivo de debater assuntos ligados \u00e0 \u00e1rea cont\u00e1bil, or\u00e7ament\u00e1ria e financeira, bem como a troca de experi\u00eancias entre as institui\u00e7\u00f5es.<\/p>\n\n\n\n<p>Participam do evento representantes da Secretaria do Tesouro Nacional, da Subsecretaria de Planejamento e Or\u00e7amento \u2013 SPO\/MEC e de outros \u00f3rg\u00e3os federais. Tamb\u00e9m ser\u00e3o ministradas oficinas por membros do f\u00f3rum acerca de novas pr\u00e1ticas e procedimentos.<\/p>\n","protected":false},"excerpt":{"rendered":"<p>A Universidade Federal da Integra\u00e7\u00e3o Latino-Americana (UNILA) sediar\u00e1 entre os dias 11 e 13 de maio a XXVII Reuni\u00e3o Extraordin\u00e1ria do F\u00f3rum de Diretores de Contabilidade e Finan\u00e7as (FONDCF). O f\u00f3rum foi fundado em 1992, em Natal, durante a realiza\u00e7\u00e3o do Encontro de Contadores do MEC. O evento re\u00fane diretores dos departamentos de contabilidade e [&hellip;]<\/p>\n","protected":false},"author":1,"featured_media":163,"comment_status":"closed","ping_status":"open","sticky":false,"template":"","format":"standard","meta":{"footnotes":""},"categories":[4],"tags":[],"class_list":["post-485","post","type-post","status-publish","format-standard","has-post-thumbnail","hentry","category-noticias"],"_links":{"self":[{"href":"https:\/\/fondcf.andifes.org.br\/index.php\/wp-json\/wp\/v2\/posts\/485","targetHints":{"allow":["GET"]}}],"collection":[{"href":"https:\/\/fondcf.andifes.org.br\/index.php\/wp-json\/wp\/v2\/posts"}],"about":[{"href":"https:\/\/fondcf.andifes.org.br\/index.php\/wp-json\/wp\/v2\/types\/post"}],"author":[{"embeddable":true,"href":"https:\/\/fondcf.andifes.org.br\/index.php\/wp-json\/wp\/v2\/users\/1"}],"replies":[{"embeddable":true,"href":"https:\/\/fondcf.andifes.org.br\/index.php\/wp-json\/wp\/v2\/comments?post=485"}],"version-history":[{"count":1,"href":"https:\/\/fondcf.andifes.org.br\/index.php\/wp-json\/wp\/v2\/posts\/485\/revisions"}],"predecessor-version":[{"id":486,"href":"https:\/\/fondcf.andifes.org.br\/index.php\/wp-json\/wp\/v2\/posts\/485\/revisions\/486"}],"wp:featuredmedia":[{"embeddable":true,"href":"https:\/\/fondcf.andifes.org.br\/index.php\/wp-json\/wp\/v2\/media\/163"}],"wp:attachment":[{"href":"https:\/\/fondcf.andifes.org.br\/index.php\/wp-json\/wp\/v2\/media?parent=485"}],"wp:term":[{"taxonomy":"category","embeddable":true,"href":"https:\/\/fondcf.andifes.org.br\/index.php\/wp-json\/wp\/v2\/categories?post=485"},{"taxonomy":"post_tag","embeddable":true,"href":"https:\/\/fondcf.andifes.org.br\/index.php\/wp-json\/wp\/v2\/tags?post=485"}],"curies":[{"name":"wp","href":"https:\/\/api.w.org\/{rel}","templated":true}]}}