{"id":483,"date":"2020-04-11T10:54:06","date_gmt":"2020-04-11T13:54:06","guid":{"rendered":"http:\/\/fondcf.andifes.org.br\/?p=483"},"modified":"2025-02-20T10:54:30","modified_gmt":"2025-02-20T13:54:30","slug":"covid-19-comunicado-andifes-04","status":"publish","type":"post","link":"https:\/\/fondcf.andifes.org.br\/index.php\/2020\/04\/11\/covid-19-comunicado-andifes-04\/","title":{"rendered":"COVID-19 Comunicado Andifes \u2013 04"},"content":{"rendered":"\n<p>Comunicamos que as primeiras fases de enfrentamento da COVID-19 foram cumpridas com \u00eaxito pela Andifes e as universidades federais. Diante de um quadro absolutamente incomum e complexo, seguindo as diretrizes estabelecidas, interlocu\u00e7\u00e3o com o governo federal, estado, munic\u00edpios e colabora\u00e7\u00e3o com institui\u00e7\u00f5es cientificas, avaliamos como positivos os resultados alcan\u00e7ados at\u00e9 o momento.<\/p>\n\n\n\n<p>Em apenas tr\u00eas semanas, em todo o Brasil, as comunidades universit\u00e1rias foram salvaguardadas, os alunos carentes j\u00e1 est\u00e3o recebendo ajuda, nossos pesquisadores, t\u00e9cnicos e equipamentos mobilizados contra a pandemia, hospitais universit\u00e1rios plenamente incorporados, in\u00fameras atividades realizadas em todas as \u00e1reas do conhecimento, com o funcionamento administrativo adequado \u00e0 situa\u00e7\u00e3o. Isso foi um grande feito. Cientes de que a situa\u00e7\u00e3o ser\u00e1 duradoura, vencida a etapa inicial, buscamos aperfei\u00e7oar essas atividades. Tamb\u00e9m estamos criando ou restabelecendo procedimentos que garantam as condi\u00e7\u00f5es de inteira\u00e7\u00e3o, governan\u00e7a e governabilidade das nossas institui\u00e7\u00f5es. Com o apoio da RNP a Andifes criou uma sala de videoconfer\u00eancia. A Diretoria da Andifes faz reuni\u00f5es di\u00e1rias, mant\u00e9m contato rotineiro com reitores, especialistas e m\u00eddia. Estamos acompanhando as agendas do legislativo e do judici\u00e1rio.<\/p>\n\n\n\n<p>No COE\/MEC, que se re\u00fane duas vezes por semana, a Andifes participa e apresenta demandas originadas nas universidades, dos especialistas e nos f\u00f3runs assessores, bem como debate os cen\u00e1rios dos demais n\u00edveis de ensino com CONIF, CONSED e UNDIME. Concordamos com a import\u00e2ncia de se prover as informa\u00e7\u00f5es para o http:\/\/portal.mec.gov.br\/coronavirus\/. A Andifes, observando \u00e0 autonomia universit\u00e1ria, e as orienta\u00e7\u00f5es sanit\u00e1rias, busca formas para viabilizar as atividades de ensino, pesquisa e extens\u00e3o, o funcionamento administrativo e das inst\u00e2ncias deliberativas das universidades federais, enquanto durar essa nova realidade. Merece destaque a agenda estabelecida de reuni\u00f5es semanais da Diretoria com a equipe da SESu\/MEC. Prioritariamente est\u00e3o sendo encaminhadas a\u00e7\u00f5es relacionadas \u00e0 assist\u00eancia, apoio \u00e0s atividades emergenciais de enfrentamento ao COVID-19, a adapta\u00e7\u00e3o e registro de atividades funcionais e o or\u00e7amento de 2020.<\/p>\n\n\n\n<p>No dia 09\/04\/2020, a Diretoria da Andifes promoveu reuni\u00e3o com o titular da Secretaria de Ci\u00eancia, Tecnologia e Insumos Estrat\u00e9gicos (SCTIE), do Minist\u00e9rio da Sa\u00fade, Denizar Vianna. A Andifes apresentou v\u00e1rios exemplos de atividades em andamento, assinalou a disposi\u00e7\u00e3o das universidades federais e seus hospitais em intensificar a colabora\u00e7\u00e3o cient\u00edfica e de assist\u00eancia com as autoridades sanit\u00e1rias. Registrou tamb\u00e9m o potencial de aplica\u00e7\u00e3o de testes RT-PCR, ainda n\u00e3o utilizado em fun\u00e7\u00e3o da insufici\u00eancia de insumos. O Secret\u00e1rio parabenizou as universidades pelo trabalho. Reconheceu e lamentou a falta de insumos, que est\u00e3o sendo comprados pelo MS. Prop\u00f4s a incorpora\u00e7\u00e3o das universidades no monitoramento dos testes cl\u00ednicos de novas op\u00e7\u00f5es farmacol\u00f3gicas e protocolos, nos estudos estat\u00edsticos e na produ\u00e7\u00e3o e reparos de equipamentos hospitalares. Informou que existe verba or\u00e7ament\u00e1ria. A SCTIE vai elaborar um caderno de demandas para divulga\u00e7\u00e3o.<\/p>\n\n\n\n<p>A Diretoria da Andifes, para conhecer e compartilhar as realidades e experi\u00eancias de cada setor promoveu uma videoconfer\u00eancia com a participa\u00e7\u00e3o dos presidentes de f\u00f3runs e col\u00e9gios assessores (FORPLAD, COGRAD, COPROPI, COEX, FORGEPE, FONAPRACE, CGTIC, COGECOM, FONDCF, FORDHOV). Os principais desafios relatados s\u00e3o comuns \u00e0s IFES e j\u00e1 encaminhados perante as autoridades. Na pr\u00f3xima semana a Andifes promover\u00e1 videoconfer\u00eancia com o presidente da EBSERH. Tamb\u00e9m se reunir\u00e1 com as entidades sindicais dos segmentos da comunidade universit\u00e1ria. O momento \u00e9 grave. Vamos enfrent\u00e1-lo com ci\u00eancia e solidariedade.<\/p>\n\n\n\n<p><a href=\"http:\/\/www.andifes.org.br\/wp-content\/uploads\/2020\/04\/Comunicado-4-Andifes_COVID-19.pdf\">Comunicado 4 Andifes_COVID-19<\/a><\/p>\n","protected":false},"excerpt":{"rendered":"<p>Comunicamos que as primeiras fases de enfrentamento da COVID-19 foram cumpridas com \u00eaxito pela Andifes e as universidades federais. Diante de um quadro absolutamente incomum e complexo, seguindo as diretrizes estabelecidas, interlocu\u00e7\u00e3o com o governo federal, estado, munic\u00edpios e colabora\u00e7\u00e3o com institui\u00e7\u00f5es cientificas, avaliamos como positivos os resultados alcan\u00e7ados at\u00e9 o momento. Em apenas tr\u00eas [&hellip;]<\/p>\n","protected":false},"author":1,"featured_media":163,"comment_status":"closed","ping_status":"open","sticky":false,"template":"","format":"standard","meta":{"footnotes":""},"categories":[4],"tags":[],"class_list":["post-483","post","type-post","status-publish","format-standard","has-post-thumbnail","hentry","category-noticias"],"_links":{"self":[{"href":"https:\/\/fondcf.andifes.org.br\/index.php\/wp-json\/wp\/v2\/posts\/483","targetHints":{"allow":["GET"]}}],"collection":[{"href":"https:\/\/fondcf.andifes.org.br\/index.php\/wp-json\/wp\/v2\/posts"}],"about":[{"href":"https:\/\/fondcf.andifes.org.br\/index.php\/wp-json\/wp\/v2\/types\/post"}],"author":[{"embeddable":true,"href":"https:\/\/fondcf.andifes.org.br\/index.php\/wp-json\/wp\/v2\/users\/1"}],"replies":[{"embeddable":true,"href":"https:\/\/fondcf.andifes.org.br\/index.php\/wp-json\/wp\/v2\/comments?post=483"}],"version-history":[{"count":1,"href":"https:\/\/fondcf.andifes.org.br\/index.php\/wp-json\/wp\/v2\/posts\/483\/revisions"}],"predecessor-version":[{"id":484,"href":"https:\/\/fondcf.andifes.org.br\/index.php\/wp-json\/wp\/v2\/posts\/483\/revisions\/484"}],"wp:featuredmedia":[{"embeddable":true,"href":"https:\/\/fondcf.andifes.org.br\/index.php\/wp-json\/wp\/v2\/media\/163"}],"wp:attachment":[{"href":"https:\/\/fondcf.andifes.org.br\/index.php\/wp-json\/wp\/v2\/media?parent=483"}],"wp:term":[{"taxonomy":"category","embeddable":true,"href":"https:\/\/fondcf.andifes.org.br\/index.php\/wp-json\/wp\/v2\/categories?post=483"},{"taxonomy":"post_tag","embeddable":true,"href":"https:\/\/fondcf.andifes.org.br\/index.php\/wp-json\/wp\/v2\/tags?post=483"}],"curies":[{"name":"wp","href":"https:\/\/api.w.org\/{rel}","templated":true}]}}