{"id":481,"date":"2020-08-06T10:52:39","date_gmt":"2020-08-06T13:52:39","guid":{"rendered":"http:\/\/fondcf.andifes.org.br\/?p=481"},"modified":"2025-02-20T10:52:56","modified_gmt":"2025-02-20T13:52:56","slug":"andifes-reune-foruns-e-colegios-assessores-em-reuniao-remota","status":"publish","type":"post","link":"https:\/\/fondcf.andifes.org.br\/index.php\/2020\/08\/06\/andifes-reune-foruns-e-colegios-assessores-em-reuniao-remota\/","title":{"rendered":"Andifes re\u00fane f\u00f3runs e col\u00e9gios assessores em reuni\u00e3o remota"},"content":{"rendered":"\n<p>Durante toda a tarde dessa quinta-feira (6), a diretoria executiva da Associa\u00e7\u00e3o Nacional das Institui\u00e7\u00f5es Federais de Ensino Superior (Andifes) esteve reunida remotamente com os diretores de f\u00f3runs e col\u00e9gios assessores da associa\u00e7\u00e3o para alinhar as agendas de trabalho na nova gest\u00e3o.<\/p>\n\n\n\n<p>Entre as pautas que despertam preocupa\u00e7\u00e3o imediata de toda a institui\u00e7\u00e3o est\u00e3o as dificuldades com a contrata\u00e7\u00e3o de pessoal impostas pela Lei Complementar 173\/2020, a recomposi\u00e7\u00e3o de vagas ociosas, o corte or\u00e7ament\u00e1rio anunciado essa semana pelo Minist\u00e9rio da Educa\u00e7\u00e3o para 2021 e a acessibilidade dos estudantes ao ensino remoto.<\/p>\n\n\n\n<p>O desafio \u00e9 encontrar solu\u00e7\u00f5es estruturantes para as quest\u00f5es levantadas, sem interferir na autonomia de cada institui\u00e7\u00e3o. Al\u00e9m disso, se faz necess\u00e1ria a busca por alternativas que viabilizem a capacita\u00e7\u00e3o dos professores para exerc\u00edcio nas aulas on line.<\/p>\n\n\n\n<p>Inicialmente, o F\u00f3rum Nacional de Pr\u00f3-reitores de Gest\u00e3o de Pessoas (Forgepe) e o Col\u00e9gio de Pr\u00f3-reitores de Gradua\u00e7\u00e3o das IFES (Cograd) v\u00e3o se reunir para estruturar alternativas a serem apresentadas a Andifes, com a finalidade de dar prosseguimento ao encaminhamento de solu\u00e7\u00f5es.<\/p>\n\n\n\n<p>Al\u00e9m do Forgepe e do Cograd, participaram da reuni\u00e3o representantes do Col\u00e9gio de Gestores de Tecnologia da Informa\u00e7\u00e3o e Comunica\u00e7\u00e3o das IFES (CGTIC), do Col\u00e9gio de Pr\u00f3-reitores de Extens\u00e3o das IFES (COEX), Col\u00e9gio de Pr\u00f3-reitores de Pesquisa, P\u00f3s-gradua\u00e7\u00e3o e Inova\u00e7\u00e3o das IFES (Copropi), do F\u00f3rum Nacional dos Diretores de Contabilidade e Finan\u00e7as das Universidades Federais (FONDCF), do F\u00f3rum dos Dirigentes de Hospitais Veterin\u00e1rios Universit\u00e1rios (Fordhov) e do F\u00f3rum de Pr\u00f3-Reitores de Planejamento e Administra\u00e7\u00e3o (Forplad).<\/p>\n","protected":false},"excerpt":{"rendered":"<p>Durante toda a tarde dessa quinta-feira (6), a diretoria executiva da Associa\u00e7\u00e3o Nacional das Institui\u00e7\u00f5es Federais de Ensino Superior (Andifes) esteve reunida remotamente com os diretores de f\u00f3runs e col\u00e9gios assessores da associa\u00e7\u00e3o para alinhar as agendas de trabalho na nova gest\u00e3o. Entre as pautas que despertam preocupa\u00e7\u00e3o imediata de toda a institui\u00e7\u00e3o est\u00e3o as [&hellip;]<\/p>\n","protected":false},"author":1,"featured_media":163,"comment_status":"closed","ping_status":"open","sticky":false,"template":"","format":"standard","meta":{"footnotes":""},"categories":[4],"tags":[],"class_list":["post-481","post","type-post","status-publish","format-standard","has-post-thumbnail","hentry","category-noticias"],"_links":{"self":[{"href":"https:\/\/fondcf.andifes.org.br\/index.php\/wp-json\/wp\/v2\/posts\/481","targetHints":{"allow":["GET"]}}],"collection":[{"href":"https:\/\/fondcf.andifes.org.br\/index.php\/wp-json\/wp\/v2\/posts"}],"about":[{"href":"https:\/\/fondcf.andifes.org.br\/index.php\/wp-json\/wp\/v2\/types\/post"}],"author":[{"embeddable":true,"href":"https:\/\/fondcf.andifes.org.br\/index.php\/wp-json\/wp\/v2\/users\/1"}],"replies":[{"embeddable":true,"href":"https:\/\/fondcf.andifes.org.br\/index.php\/wp-json\/wp\/v2\/comments?post=481"}],"version-history":[{"count":1,"href":"https:\/\/fondcf.andifes.org.br\/index.php\/wp-json\/wp\/v2\/posts\/481\/revisions"}],"predecessor-version":[{"id":482,"href":"https:\/\/fondcf.andifes.org.br\/index.php\/wp-json\/wp\/v2\/posts\/481\/revisions\/482"}],"wp:featuredmedia":[{"embeddable":true,"href":"https:\/\/fondcf.andifes.org.br\/index.php\/wp-json\/wp\/v2\/media\/163"}],"wp:attachment":[{"href":"https:\/\/fondcf.andifes.org.br\/index.php\/wp-json\/wp\/v2\/media?parent=481"}],"wp:term":[{"taxonomy":"category","embeddable":true,"href":"https:\/\/fondcf.andifes.org.br\/index.php\/wp-json\/wp\/v2\/categories?post=481"},{"taxonomy":"post_tag","embeddable":true,"href":"https:\/\/fondcf.andifes.org.br\/index.php\/wp-json\/wp\/v2\/tags?post=481"}],"curies":[{"name":"wp","href":"https:\/\/api.w.org\/{rel}","templated":true}]}}