{"id":478,"date":"2021-01-26T10:50:58","date_gmt":"2021-01-26T13:50:58","guid":{"rendered":"http:\/\/fondcf.andifes.org.br\/?p=478"},"modified":"2025-02-20T10:51:20","modified_gmt":"2025-02-20T13:51:20","slug":"andifes-discute-conjuntura-politica-e-economica-com-colegios-e-foruns-assessores-e-entidades-da-comunidade-academica","status":"publish","type":"post","link":"https:\/\/fondcf.andifes.org.br\/index.php\/2021\/01\/26\/andifes-discute-conjuntura-politica-e-economica-com-colegios-e-foruns-assessores-e-entidades-da-comunidade-academica\/","title":{"rendered":"Andifes discute conjuntura pol\u00edtica e econ\u00f4mica com col\u00e9gios e f\u00f3runs assessores e entidades da comunidade acad\u00eamica"},"content":{"rendered":"\n<figure class=\"wp-block-image alignleft\"><img decoding=\"async\" src=\"http:\/\/www.andifes.org.br\/wp-content\/uploads\/2021\/05\/Reuniao-Andifes-e-entidades-da-Educacao_26.01-13-300x226.jpg\" alt=\"\" class=\"wp-image-87448\"\/><\/figure>\n\n\n\n<p>Na manh\u00e3 dessa ter\u00e7a-feira (26), a Associa\u00e7\u00e3o Nacional das Institui\u00e7\u00f5es Federais de Ensino Superior (Andifes) realizou reuni\u00e3o remota para tratar sobre as pautas da educa\u00e7\u00e3o para o ano de 2021.<\/p>\n\n\n\n<p>Na primeira parte da reuni\u00e3o, estiveram reunidos com a Andifes os coordenadores dos col\u00e9gios e f\u00f3runs assessores da associa\u00e7\u00e3o. Eles apresentaram as agendas e pautas para ano e reafirmaram o compromisso com o trabalho coletivo internamente e a parceria entre os colegiados.<\/p>\n\n\n\n<p>Na segunda parte do encontro, a Andifes recebeu entidades representativas dos segmentos da comunidade universit\u00e1ria, oportunidade em que debateram a conjuntura pol\u00edtica e econ\u00f4mica atual e as prioridades de atua\u00e7\u00e3o para os pr\u00f3ximos meses.<\/p>\n\n\n\n<p>De acordo com o vice-presidente da Andifes, reitor Marcus David (UFJF), o objetivo desse primeiro encontro de 2021 foi conhecer a pauta dos colegiados e das entidades que defendem a educa\u00e7\u00e3o p\u00fablica, gratuita, inclusiva e de qualidade. \u201cHoje estamos conhecendo as prioridades de cada entidade para esse ano. Iremos realizar novos encontros para tra\u00e7armos estrat\u00e9gias de atua\u00e7\u00e3o em pautas comuns, respeitando as especificidades e os diferentes papeis de cada uma\u201d, afirmou.<\/p>\n\n\n\n<p>Para o presidente da Andifes, reitor Edward Madureira (UFG), o momento exige de todas as entidades que haja uma atua\u00e7\u00e3o articulada, num esfor\u00e7o conjunto pela valoriza\u00e7\u00e3o da educa\u00e7\u00e3o. \u201cA redu\u00e7\u00e3o no or\u00e7amento para esse ano \u00e9 grave e pode levar \u00e0 inviabiliza\u00e7\u00e3o da atua\u00e7\u00e3o das universidades. Essa \u00e9 uma pauta que merece nossa total prioridade e atua\u00e7\u00e3o para que possamos mudar essa perspectiva\u201d, destacou.<\/p>\n\n\n\n<p><strong>Ci\u00eancia e Tecnologia<\/strong><br>As entidades tamb\u00e9m defendem que os vetos na Lei Complementar n\u00ba 177 sejam derrubados pelo Congresso Nacional. O texto previa a libera\u00e7\u00e3o total dos recursos do Fundo Nacional de Desenvolvimento Cient\u00edfico e Tecnol\u00f3gico (FNDCT). Na avalia\u00e7\u00e3o dos participantes da reuni\u00e3o, esses vetos comprometem os investimentos nacionais em pesquisas, especialmente neste momento de pandemia, em que a atua\u00e7\u00e3o da ci\u00eancia tem sido fundamental para a supera\u00e7\u00e3o dos desafios relacionados ao novo Coronav\u00edrus.<\/p>\n\n\n\n<p><strong>Fundeb<\/strong><br>Uma pauta comemorada foi o novo Fundo de Manuten\u00e7\u00e3o e Desenvolvimento da Educa\u00e7\u00e3o B\u00e1sica e de Valoriza\u00e7\u00e3o dos Profissionais da Educa\u00e7\u00e3o (Fundeb), sancionado em dezembro. Com as mudan\u00e7as, o fundo se tornou pol\u00edtica permanente para financiar a educa\u00e7\u00e3o infantil e os ensinos fundamental e m\u00e9dio nas redes p\u00fablicas. A nova regra aumentou a participa\u00e7\u00e3o da Uni\u00e3o no financiamento da educa\u00e7\u00e3o b\u00e1sica. A participa\u00e7\u00e3o federal, que era de 10%, passou para 12% esse ano e vai subir gradualmente at\u00e9 alcan\u00e7ar 23%, em 2026.<\/p>\n\n\n\n<p><strong>Representatividade<\/strong><br>Participaram da reuni\u00e3o os reitores Joana Ang\u00e9lica Guimar\u00e3es (UFSB), Lu\u00eds Eduardo Bovolato (UFT), Paulo Burmann (UFSM), o secret\u00e1rio executivo da Andifes Gustavo Balduino, os coordenadores de col\u00e9gios e f\u00f3runs Rose Pinheiro (Cogecom), Luciano Gonda (CGTIC), Maria do Socorro de Lima Oliveira (Cograd), Charles Morphy Dias dos Santos (Copropi), Waldenor Barros Moraes Filho (Cgrifes), Diego Delfiol (Fordhov), Maisa Miralva da Silva (Fonaprace), Elias Costa Martins (FONDCF), Mirian Dantas dos Santos (Forgepe) e Franklin Matos Silva J\u00fanior (Forplad) e os convidados Francisco Wellington (Proifes Federa\u00e7\u00e3o) Iago Montalv\u00e3o (UNE), Jos\u00e9 Maria Castro (Fasubra), Marcelino Rodrigues (Fasubra), M\u00e1rcia Abreu (Fasubra), Maria Regina de \u00c1vila (Andes-SN), Nilton Brand\u00e3o (Proifes Federa\u00e7\u00e3o) e Riv\u00e2nia Moura (Andes-SN).<\/p>\n","protected":false},"excerpt":{"rendered":"<p>Na manh\u00e3 dessa ter\u00e7a-feira (26), a Associa\u00e7\u00e3o Nacional das Institui\u00e7\u00f5es Federais de Ensino Superior (Andifes) realizou reuni\u00e3o remota para tratar sobre as pautas da educa\u00e7\u00e3o para o ano de 2021. Na primeira parte da reuni\u00e3o, estiveram reunidos com a Andifes os coordenadores dos col\u00e9gios e f\u00f3runs assessores da associa\u00e7\u00e3o. Eles apresentaram as agendas e pautas [&hellip;]<\/p>\n","protected":false},"author":1,"featured_media":479,"comment_status":"closed","ping_status":"open","sticky":false,"template":"","format":"standard","meta":{"footnotes":""},"categories":[4],"tags":[],"class_list":["post-478","post","type-post","status-publish","format-standard","has-post-thumbnail","hentry","category-noticias"],"_links":{"self":[{"href":"https:\/\/fondcf.andifes.org.br\/index.php\/wp-json\/wp\/v2\/posts\/478","targetHints":{"allow":["GET"]}}],"collection":[{"href":"https:\/\/fondcf.andifes.org.br\/index.php\/wp-json\/wp\/v2\/posts"}],"about":[{"href":"https:\/\/fondcf.andifes.org.br\/index.php\/wp-json\/wp\/v2\/types\/post"}],"author":[{"embeddable":true,"href":"https:\/\/fondcf.andifes.org.br\/index.php\/wp-json\/wp\/v2\/users\/1"}],"replies":[{"embeddable":true,"href":"https:\/\/fondcf.andifes.org.br\/index.php\/wp-json\/wp\/v2\/comments?post=478"}],"version-history":[{"count":1,"href":"https:\/\/fondcf.andifes.org.br\/index.php\/wp-json\/wp\/v2\/posts\/478\/revisions"}],"predecessor-version":[{"id":480,"href":"https:\/\/fondcf.andifes.org.br\/index.php\/wp-json\/wp\/v2\/posts\/478\/revisions\/480"}],"wp:featuredmedia":[{"embeddable":true,"href":"https:\/\/fondcf.andifes.org.br\/index.php\/wp-json\/wp\/v2\/media\/479"}],"wp:attachment":[{"href":"https:\/\/fondcf.andifes.org.br\/index.php\/wp-json\/wp\/v2\/media?parent=478"}],"wp:term":[{"taxonomy":"category","embeddable":true,"href":"https:\/\/fondcf.andifes.org.br\/index.php\/wp-json\/wp\/v2\/categories?post=478"},{"taxonomy":"post_tag","embeddable":true,"href":"https:\/\/fondcf.andifes.org.br\/index.php\/wp-json\/wp\/v2\/tags?post=478"}],"curies":[{"name":"wp","href":"https:\/\/api.w.org\/{rel}","templated":true}]}}