{"id":475,"date":"2021-08-24T10:49:20","date_gmt":"2021-08-24T13:49:20","guid":{"rendered":"http:\/\/fondcf.andifes.org.br\/?p=475"},"modified":"2025-02-20T10:49:42","modified_gmt":"2025-02-20T13:49:42","slug":"diretoria-da-andifes-se-reune-com-foruns-e-colegios-assessores-em-reuniao-remota","status":"publish","type":"post","link":"https:\/\/fondcf.andifes.org.br\/index.php\/2021\/08\/24\/diretoria-da-andifes-se-reune-com-foruns-e-colegios-assessores-em-reuniao-remota\/","title":{"rendered":"Diretoria da Andifes se re\u00fane com f\u00f3runs e col\u00e9gios assessores em reuni\u00e3o remota"},"content":{"rendered":"\n<figure class=\"wp-block-image alignleft\"><img decoding=\"async\" src=\"https:\/\/www.andifes.org.br\/wp-content\/uploads\/2021\/08\/Design-sem-nome-2-300x283.png\" alt=\"\" class=\"wp-image-89741\"\/><\/figure>\n\n\n\n<p>Durante toda a tarde desta segunda-feira (23), a diretoria executiva da Associa\u00e7\u00e3o Nacional das Institui\u00e7\u00f5es Federais de Ensino Superior (Andifes) esteve reunida remotamente com os diretores de f\u00f3runs e col\u00e9gios assessores da associa\u00e7\u00e3o para alinhar as agendas de trabalho na nova gest\u00e3o.<\/p>\n\n\n\n<p>Cada coordenador ou representante do respectivo col\u00e9gio e f\u00f3rum apresentou o planejamento para o semestre e as pautas priorit\u00e1rias de interesse das universidades federais e do ensino superior p\u00fablico. Uma preocupa\u00e7\u00e3o em comum \u00e9 o retorno presencial das atividades, considerando as normas de biosseguran\u00e7a e a necessidade de investimentos para que isso ocorra de maneira segura para toda a comunidade acad\u00eamica.<\/p>\n\n\n\n<p>De acordo com o presidente da Andifes, reitor Marcus David (UFJF), o assessoramento pelos colegiados \u00e9 fundamental para as a\u00e7\u00f5es empreitadas pela Andifes. \u201c\u00c9 ineg\u00e1vel a seguran\u00e7a que temos nos dados e informa\u00e7\u00f5es repassados pelos nossos col\u00e9gios e f\u00f3runs assessores e a efici\u00eancia na aten\u00e7\u00e3o \u00e0s demandas que v\u00e3o surgindo na rotina da nossa entidade\u201d, destacou.<\/p>\n\n\n\n<p>O professor Waldenor Barros, coordenador do Conselho de Gestores de Rela\u00e7\u00f5es Internacionais das IFES (CGRIFES), destacou que o col\u00e9gio est\u00e1 passando por mudan\u00e7as que visam o fortalecimento da internacionaliza\u00e7\u00e3o e das parcerias entre as universidades federais brasileiras e institui\u00e7\u00f5es de diversos lugares do mundo. \u201cEst\u00e1 em andamento a constru\u00e7\u00e3o de acordos com a Funda\u00e7\u00e3o Jap\u00e3o, B\u00e9lgica-Wallonie e TV5, visando fortalecer a Rede Andifes de Idiomas e o Programa Andifes de Mobilidade Internacional Virtual\u201d, informou.<\/p>\n\n\n\n<p>A coordenadora do Col\u00e9gio de Gestores de Tecnologia da Informa\u00e7\u00e3o e Comunica\u00e7\u00e3o das IFES (CGTIC), professora Teresa Maciel, falou sobre a necessidade de solu\u00e7\u00f5es tecnol\u00f3gicas, sobretudo durante o per\u00edodo da pandemia, quando houve grande demanda de atividades remotas. \u201cAlgumas prioridades s\u00e3o o diploma digital, a negocia\u00e7\u00e3o conjunta para aquisi\u00e7\u00e3o de uma plataforma de ensino, o evento WTICIFES 2020 e a transforma\u00e7\u00e3o digital\u201d, detalhou.<\/p>\n\n\n\n<p>A professora Olgamir Amancia Ferreira, coordenadora do Col\u00e9gio de Pr\u00f3-reitores de Extens\u00e3o das IFES (COEX), externou preocupa\u00e7\u00e3o com o financiamento da extens\u00e3o. \u201cTemos realizado encontros virtuais para debater quest\u00f5es centrais da extens\u00e3o, mas, sem d\u00favida, o financiamento, sobretudo nesse contexto pand\u00eamico, \u00e9 algo que nos preocupa, de maneira que criamos comiss\u00f5es para acompanhar os temas centrais, como a avalia\u00e7\u00e3o e indicadores extens\u00e3o; inser\u00e7\u00e3o curricular da extens\u00e3o e credita\u00e7\u00e3o; tecnologias digitais e trabalho remoto na extens\u00e3o; e extens\u00e3o, trabalho em rede e mobilidade acad\u00eamica\u201d, frisou.<\/p>\n\n\n\n<p>De acordo com a coordenadora do Col\u00e9gio de Gestores de Comunica\u00e7\u00e3o das Universidades Federais (COGECOM), professora Rose Pinheiro, os comunicadores das universidades federais t\u00eam se empenhado em tornar conhecidas as atividades de ensino, pesquisa e extens\u00e3o desenvolvidas pela rede federal. \u201cPara os pr\u00f3ximos meses, estamos nos organizando para realizar nosso Encontro Anual e Assembleia, uma nova edi\u00e7\u00e3o do Concurso Audiovisual e para uma grande campanha de valoriza\u00e7\u00e3o das universidades federais\u201d, afirmou.<\/p>\n\n\n\n<p>Entre as pautas do Col\u00e9gio de Pr\u00f3-Reitores de Gradua\u00e7\u00e3o (COGRAD), a coordenadora, professora Socorro de Lima, destacou o sistema operacional para realiza\u00e7\u00e3o do Programa Promover Andifes e do Ecograd, a urg\u00eancia de encaminhamentos sobre o Enade e a curriculariza\u00e7\u00e3o da extens\u00e3o. \u201cS\u00e3o muitas pautas que demandam nossa dedica\u00e7\u00e3o nesse momento. No que se refere ao retorno presencial, est\u00e1 previsto para abril do pr\u00f3ximo ano um semin\u00e1rio sobre o retorno das atividades presenciais atrav\u00e9s da educa\u00e7\u00e3o h\u00edbrida\u201d, enumerou.<\/p>\n\n\n\n<p>Ao falar sobre o planejamento para o semestre, o coordenador do Col\u00e9gio de Pr\u00f3-reitores de Pesquisa, P\u00f3s-gradua\u00e7\u00e3o e Inova\u00e7\u00e3o das IFES (COPROPI), Charles Morphy, apresentou tamb\u00e9m uma mem\u00f3ria das principais a\u00e7\u00f5es realizadas pelo col\u00e9gio. \u201cTemos trabalhado visando \u00e0 constru\u00e7\u00e3o coletiva das pol\u00edticas da Capes e, dentre outras a\u00e7\u00f5es de assessoramento \u00e0 Andifes, apresentamos um conjunto de indicadores de gest\u00e3o e desempenho das universidades federais\u201d, contou.<\/p>\n\n\n\n<p>Coordenadora do F\u00f3rum Nacional de Pr\u00f3-reitores de Assuntos Comunit\u00e1rios e&nbsp;Estudantis (FONAPRACE), a professora Maisa Miralva falou sobre a import\u00e2ncia da atua\u00e7\u00e3o conjunta dos col\u00e9gios e f\u00f3runs. \u201cN\u00e3o temos vivido tempos f\u00e1ceis, e o suporte que damos uns aos outros e \u00e0 diretoria da Andifes, obviamente, \u00e9 imprescind\u00edvel para superarmos os obst\u00e1culos. Aproveito para destacar nossa articula\u00e7\u00e3o em parceria com o COGRAD para discutirmos e atuarmos conjuntamente sobre as A\u00e7\u00f5es Afirmativas e Lei de Cotas\u201d, salientou.<\/p>\n\n\n\n<p>Daniel Bessa, coordenador do F\u00f3rum Nacional dos Diretores de Contabilidade e Finan\u00e7as das Universidades Federais (FONDCF), lembrou da participa\u00e7\u00e3o do f\u00f3rum na revis\u00e3o da NBCTSP 34, que trata de custos no setor p\u00fablico. \u201cAl\u00e9m dos nossos encontros internos, estamos planejando a realiza\u00e7\u00e3o da XXXII Reuni\u00e3o Extraordin\u00e1ria do FONDCF, prevista para novembro\u201d, explicou.<\/p>\n\n\n\n<p>Representando o coordenador do F\u00f3rum de Dirigentes de Hospitais Veterin\u00e1rios&nbsp;Universit\u00e1rios (FORDHOV), a professora Jamile Prado detalhou quest\u00f5es relacionadas \u00e0 situa\u00e7\u00e3o de funcionamento dos Hospitais Universit\u00e1rios na pandemia, no atendimento \u00e0 popula\u00e7\u00e3o e sobre o funcionamento 24 horas dos Hospitais Veterin\u00e1rios. \u201cComo alguns hospitais, embora tenham a estrutura hospitalar necess\u00e1ria, n\u00e3o funcionam 24h, h\u00e1 entraves nas quest\u00f5es or\u00e7ament\u00e1rias que precisam ser tratados\u201d, compartilhou.<\/p>\n\n\n\n<p>Pelo F\u00f3rum de Pr\u00f3-Reitores de Planejamento e Administra\u00e7\u00e3o (FORPLAD), a professora T\u00e2nia Mara falou sobre as discuss\u00f5es que t\u00eam sido realizadas visando \u00e0 manuten\u00e7\u00e3o das universidades federais, apesar das dificuldades or\u00e7ament\u00e1rias. \u201cPosso destacar nossas discuss\u00f5es sobre a matriz PNAES e o acompanhamento das novas instru\u00e7\u00f5es normativas sobre planejamento das Institui\u00e7\u00f5es\u201d, sintetizou.<\/p>\n\n\n\n<p>Mirian Dantas, coordenadora do F\u00f3rum Nacional de Pr\u00f3-reitores de Gest\u00e3o de Pessoas (FORGEPE) afirmou que, entre outras pautas, o f\u00f3rum tem se dedicado ao enfrentamento de desafios para as universidades impostos pela redu\u00e7\u00e3o no or\u00e7amento previsto na PLOA. \u201cEnfrentamos limites de provimento para reposi\u00e7\u00e3o de vac\u00e2ncia e no or\u00e7amento para contrata\u00e7\u00e3o de substitutos, por exemplo\u201d, detalhou.<\/p>\n\n\n\n<p>Realizada por meio remoto, a reuni\u00e3o entre a diretoria e os coordenadores de col\u00e9gios e f\u00f3runs ocorre tradicionalmente no in\u00edcio de cada nova gest\u00e3o da Andifes, al\u00e9m de outras oportunidades no decorrer do ano.<\/p>\n","protected":false},"excerpt":{"rendered":"<p>Durante toda a tarde desta segunda-feira (23), a diretoria executiva da Associa\u00e7\u00e3o Nacional das Institui\u00e7\u00f5es Federais de Ensino Superior (Andifes) esteve reunida remotamente com os diretores de f\u00f3runs e col\u00e9gios assessores da associa\u00e7\u00e3o para alinhar as agendas de trabalho na nova gest\u00e3o. Cada coordenador ou representante do respectivo col\u00e9gio e f\u00f3rum apresentou o planejamento para [&hellip;]<\/p>\n","protected":false},"author":1,"featured_media":476,"comment_status":"closed","ping_status":"open","sticky":false,"template":"","format":"standard","meta":{"footnotes":""},"categories":[4],"tags":[],"class_list":["post-475","post","type-post","status-publish","format-standard","has-post-thumbnail","hentry","category-noticias"],"_links":{"self":[{"href":"https:\/\/fondcf.andifes.org.br\/index.php\/wp-json\/wp\/v2\/posts\/475","targetHints":{"allow":["GET"]}}],"collection":[{"href":"https:\/\/fondcf.andifes.org.br\/index.php\/wp-json\/wp\/v2\/posts"}],"about":[{"href":"https:\/\/fondcf.andifes.org.br\/index.php\/wp-json\/wp\/v2\/types\/post"}],"author":[{"embeddable":true,"href":"https:\/\/fondcf.andifes.org.br\/index.php\/wp-json\/wp\/v2\/users\/1"}],"replies":[{"embeddable":true,"href":"https:\/\/fondcf.andifes.org.br\/index.php\/wp-json\/wp\/v2\/comments?post=475"}],"version-history":[{"count":1,"href":"https:\/\/fondcf.andifes.org.br\/index.php\/wp-json\/wp\/v2\/posts\/475\/revisions"}],"predecessor-version":[{"id":477,"href":"https:\/\/fondcf.andifes.org.br\/index.php\/wp-json\/wp\/v2\/posts\/475\/revisions\/477"}],"wp:featuredmedia":[{"embeddable":true,"href":"https:\/\/fondcf.andifes.org.br\/index.php\/wp-json\/wp\/v2\/media\/476"}],"wp:attachment":[{"href":"https:\/\/fondcf.andifes.org.br\/index.php\/wp-json\/wp\/v2\/media?parent=475"}],"wp:term":[{"taxonomy":"category","embeddable":true,"href":"https:\/\/fondcf.andifes.org.br\/index.php\/wp-json\/wp\/v2\/categories?post=475"},{"taxonomy":"post_tag","embeddable":true,"href":"https:\/\/fondcf.andifes.org.br\/index.php\/wp-json\/wp\/v2\/tags?post=475"}],"curies":[{"name":"wp","href":"https:\/\/api.w.org\/{rel}","templated":true}]}}