{"id":472,"date":"2022-09-21T10:47:45","date_gmt":"2022-09-21T13:47:45","guid":{"rendered":"http:\/\/fondcf.andifes.org.br\/?p=472"},"modified":"2025-02-20T10:48:09","modified_gmt":"2025-02-20T13:48:09","slug":"diretoria-executiva-da-andifes-se-reune-com-coordenadores-de-foruns-e-colegios-de-pro-reitores-e-assessores","status":"publish","type":"post","link":"https:\/\/fondcf.andifes.org.br\/index.php\/2022\/09\/21\/diretoria-executiva-da-andifes-se-reune-com-coordenadores-de-foruns-e-colegios-de-pro-reitores-e-assessores\/","title":{"rendered":"Diretoria-executiva da Andifes se re\u00fane com coordenadores de F\u00f3runs e Col\u00e9gios de pr\u00f3-reitores e assessores"},"content":{"rendered":"\n<figure class=\"wp-block-image aligncenter\"><img decoding=\"async\" src=\"https:\/\/www.andifes.org.br\/wp-content\/uploads\/2022\/09\/WhatsApp-Image-2022-09-20-at-11.11.29.jpeg\" alt=\"\" class=\"wp-image-94248\"\/><\/figure>\n\n\n\n<p>A diretoria-executiva da Associa\u00e7\u00e3o Nacional dos Dirigentes das Institui\u00e7\u00f5es Federais de Ensino Superior (Andifes) se reuniu nesta segunda-feira (20) com os presidentes dos col\u00e9gios e f\u00f3runs assessores da entidade, em reuni\u00e3o em formato virtual. O objetivo foi ouvir cada um dos f\u00f3runs para saber quais as principais quest\u00f5es e emerg\u00eancias, e poder compartilhar as experi\u00eancias entre todos, afirmou o presidente da Andifes, Ricardo Marcelo (UFPR).<\/p>\n\n\n\n<p>\u201cReuni\u00f5es como essa s\u00e3o fundamentais para que possamos circular a informa\u00e7\u00e3o, s\u00e3o cruciais para n\u00f3s [da diretoria executiva] e tamb\u00e9m para os pr\u00f3prios f\u00f3runs, col\u00e9gios e seus coordenadores. \u00c9 o estabelecimento de um canal, n\u00e3o s\u00f3 para comunica\u00e7\u00e3o, mas para resolu\u00e7\u00e3o e encaminhamento do que precisamos. Fazer esse tipo de di\u00e1logo e troca \u00e9 muito enriquecedor, para os dois lados. Agrade\u00e7o a todos por terem aceitado o convite para conversar com a nova gest\u00e3o. A produ\u00e7\u00e3o dos f\u00f3runs e col\u00e9gios da Andifes, e suas proposi\u00e7\u00f5es, s\u00e3o importantes para subsidiar os debates do Conselho Pleno\u201d, destacou o presidente da Andifes no in\u00edcio da reuni\u00e3o.<\/p>\n\n\n\n<p>Para o Coordenador do Col\u00e9gio de Pr\u00f3-reitores de Extens\u00e3o das Institui\u00e7\u00f5es de Ensino Superior (COEX), H\u00e9lder Eterno da Silveira, a reuni\u00e3o representa uma \u201cporta que se abre ainda mais ao debate\u201d. Para o pr\u00f3-reitor, uma das principais pautas em debate no COEX \u00e9 o financiamento da extens\u00e3o nas universidades federais.<\/p>\n\n\n\n<p>\u201cA extens\u00e3o curricular \u00e9 s\u00f3 uma das tem\u00e1ticas, h\u00e1 financiamento, contrata\u00e7\u00e3o de servidores, a pr\u00f3pria configura\u00e7\u00e3o das universidades, que muitas vezes n\u00e3o permitem maior abertura \u00e0 sociedade. \u00c9 um debate necess\u00e1rio, sobre as mudan\u00e7as geradas com as diretrizes nacionais da extens\u00e3o universit\u00e1ria\u201d, relatou H\u00e9lder.<\/p>\n\n\n\n<p>A coordenadora do Col\u00e9gio de Pr\u00f3-Reitores de Pesquisa, P\u00f3s-Gradua\u00e7\u00e3o e Inova\u00e7\u00e3o das Institui\u00e7\u00f5es Federais de Ensino Superior (Copropi), Carol Leandro, relatou que o Col\u00e9gio trabalha este ano em tr\u00eas principais frentes, que envolvem inserir na p\u00f3s-gradua\u00e7\u00e3o a inova\u00e7\u00e3o e a sustentabilidade, a cria\u00e7\u00e3o de um multicentro de p\u00f3s-gradua\u00e7\u00f5es internacionais, e de a\u00e7\u00f5es estrat\u00e9gicas para pesquisas.<\/p>\n\n\n\n<p>\u201cEstamos tamb\u00e9m preparando um relat\u00f3rio sobre a\u00e7\u00f5es afirmativas na p\u00f3s-gradua\u00e7\u00e3o, criamos um GT [grupo de trabalho] que est\u00e1 fazendo esse levantamento, e criamos uma comiss\u00e3o que est\u00e1 trabalhando sobre o ensino h\u00edbrido, que \u00e9 um tema muito pol\u00eamico na p\u00f3s-gradua\u00e7\u00e3o\u201d, afirmou a coordenadora do Copropi.<\/p>\n\n\n\n<p>J\u00e1 a coordenadora do Col\u00e9gio de Gestores de Tecnologia da Informa\u00e7\u00e3o e Comunica\u00e7\u00e3o (CGTIC), Teresa Maciel, ressaltou o trabalho do Col\u00e9gio juntou ao Minist\u00e9rio da Educa\u00e7\u00e3o (MEC) para viabilizar a transforma\u00e7\u00e3o digital das institui\u00e7\u00f5es. \u201cTrabalhamos em v\u00e1rias frentes na quest\u00e3o de seguran\u00e7a e nuvem. Cada vez mais as institui\u00e7\u00f5es est\u00e3o dependentes da tecnologia, e precisamos garantir que os servi\u00e7os cr\u00edticos n\u00e3o parem, e para isso precisamos ter avan\u00e7os em seguran\u00e7a, em trabalho em nuvem, em redund\u00e2ncia. Nisso estamos trabalhando em parceria com o MEC e contamos com o apoio da Andifes\u201d, frisou Teresa.<\/p>\n\n\n\n<p>O coordenador do Conselho de Gestores de Rela\u00e7\u00f5es Internacionais das IFES (CGRIFES), Waldenor Barros, relatou a falta de or\u00e7amento como obst\u00e1culo a uma maior internacionaliza\u00e7\u00e3o das universidades brasileiras. \u201cN\u00e3o temos nenhuma fonte de or\u00e7amento espec\u00edfica para internacionaliza\u00e7\u00e3o, e isso leva cada universidade a desenvolver seu modelo.<\/p>\n\n\n\n<p>O sistema \u00e9 muito desequilibrado, sentimos falta de nos mostrar [internacionalmente] como rede e sistema, exatamente por essas diferen\u00e7as de base. Como entidades federais, temos um peso no que fazemos, mas n\u00e3o conseguimos nos mostrar l\u00e1 fora. Estamos propondo a formaliza\u00e7\u00e3o de um programa de mobilidade internacional da Andifes\u201d, destacou Barros.<\/p>\n\n\n\n<p>Para o coordenador do F\u00f3rum Nacional de Dirigentes de Hospitais Veterin\u00e1rios das Institui\u00e7\u00f5es Federais de Ensino Superior (FORDHOV), Fl\u00e1vo Jojima, a principal quest\u00e3o \u00e9 a falta de reposi\u00e7\u00e3o da infla\u00e7\u00e3o, desde 2019, nos valores para a manuten\u00e7\u00e3o dos hospitais veterin\u00e1rios universit\u00e1rios. \u201cTodos os insumos subiram, e a gente ficou com o valor estagnado para manter o atendimento, mas principalmente aulas de gradua\u00e7\u00e3o e p\u00f3s-gradua\u00e7\u00e3o nos hospitais veterin\u00e1rios, sentimos dificuldade de reposi\u00e7\u00e3o dos materiais\u201d, disse Jojima.<\/p>\n\n\n\n<p>Para Maria Rita de Assis, coordenadora nacional do F\u00f3rum Nacional de Pr\u00f3-Reitores de Assuntos Comunit\u00e1rios e Estudantis (Fonaprace), as duas principais quest\u00f5es em debate no F\u00f3rum s\u00e3o os recursos \u201csempre aqu\u00e9m da necessidade\u201d para o desenvolvimento das a\u00e7\u00f5es de assist\u00eancia aos estudantes das universidades, e a transforma\u00e7\u00e3o em lei do Decreto 7.234 de 2010, que trata do Programa Nacional de Assist\u00eancia Estudantil. \u201cTemos uma preocupa\u00e7\u00e3o cont\u00ednua com uma pol\u00edtica enorme, que \u00e9 a pol\u00edtica de assist\u00eancia estudantil, amparada apenas por um decreto. H\u00e1 um conjunto de projetos de lei [tratando do tema] e temos uma comiss\u00e3o faz o acompanhamento desses projetos\u201d, relatou Maria Rita.<\/p>\n\n\n\n<p>Fortalecer a Comunica\u00e7\u00e3o integrada e a divulga\u00e7\u00e3o das a\u00e7\u00f5es das institui\u00e7\u00f5es federais de ensino superior est\u00e3o dentre as principais pautas do Col\u00e9gio de Gestores de Comunica\u00e7\u00e3o das Universidades Federais (COGECOM), afirmou a coordenadora Rose Pinheiro. \u201cPara ampliarmos essa divulga\u00e7\u00e3o precisamos ampliar o quadro de pessoal e as contrata\u00e7\u00f5es. Tivemos muitos cargos extintos e concursos suspensos na nossa \u00e1rea, a\u00ed vamos para a quest\u00e3o da terceiriza\u00e7\u00e3o, que muitas das nossas universidades est\u00e3o enfrentando dificuldades de como manter esses profissionais com os cortes de recursos. O \u00faltimo decreto que tivemos foi de 2019 com mais de 27 mil de cargos extintos\u201d, afirmou a coordenadora do COGECOM.<\/p>\n\n\n\n<p>A dificuldades de fechar as contas deste ano e come\u00e7ar o ano seguinte em rela\u00e7\u00e3o ao or\u00e7amento s\u00e3o as principais preocupa\u00e7\u00f5es debatidas no F\u00f3rum dos Pr\u00f3-Reitores de Planejamento e Administra\u00e7\u00e3o das Institui\u00e7\u00f5es Federais de Ensino Superior (FORPLAD), afirmou o 1\u00ba vice-coordenador, Robson Geraldine.<\/p>\n\n\n\n<p>\u201cNo Or\u00e7amento de 2022, temos hoje muitas institui\u00e7\u00f5es em situa\u00e7\u00e3o cr\u00edtica. O or\u00e7amento discricion\u00e1rio de 2023 j\u00e1 vem com uma programa\u00e7\u00e3o pr\u00e9via de redu\u00e7\u00e3o, o que \u00e9 muito preocupante, principalmente para as institui\u00e7\u00f5es que j\u00e1 est\u00e3o em situa\u00e7\u00e3o cr\u00edtica. E h\u00e1 a possibilidade de n\u00e3o-aprova\u00e7\u00e3o do or\u00e7amento de 2023 at\u00e9 o final desse ano. Se acontecer, vai deixar o in\u00edcio do ano que vem extremamente dificultoso para a maioria das institui\u00e7\u00f5es\u201d, alertou Geraldine.<\/p>\n\n\n\n<p>O coordenador do F\u00f3rum Nacional dos Diretores de Contabilidade e Finan\u00e7as das Universidades Federais (FONDCF), Daniel Bessa, destacou a profus\u00e3o de relatos nas universidades de dificuldades para pagar a m\u00e3o de obra e para fechar as contas nesse ano, devido aos cortes or\u00e7ament\u00e1rios realizados em meados de 2022 nos recursos das universidades federais. \u201cMuitos contratos est\u00e3o sendo repactuados, as despesas retomaram o ritmo normal depois da volta da pandemia. Muitas universidades est\u00e3o enfrentando problemas com arrecada\u00e7\u00e3o de recursos pr\u00f3prios, porque nos dois anos da pandemia as estimativas de receita ca\u00edram muito\u201d, explicou Bessa.<\/p>\n\n\n\n<p>Para Socorro Lima, Coordenadora Nacional do Col\u00e9gio de Pr\u00f3-reitores de Gradua\u00e7\u00e3o das IFES (Cograd), o Col\u00e9gio passa por um per\u00edodo de muita produ\u00e7\u00e3o, trabalhando diversos temas relativos \u00e0 gradua\u00e7\u00e3o. \u201cEstamos tratando de temas como curriculariza\u00e7\u00e3o da extens\u00e3o, Lei de Cotas, forma\u00e7\u00e3o de professores, e estamos retomando o trabalho sobre evas\u00e3o e reten\u00e7\u00e3o. Faremos no dia 26 para tratar do tema, e ver as estrat\u00e9gias para a recupera\u00e7\u00e3o da educa\u00e7\u00e3o superior nas universidades p\u00f3s-pandemia. \u00c9 um problema que existe na educa\u00e7\u00e3o superior mundial, e depois da pandemia se agravou bastante\u201d, afirmou Socorro.<\/p>\n\n\n\n<p>O F\u00f3rum Nacional de Pr\u00f3-Reitores de Gest\u00e3o de Pessoas das Institui\u00e7\u00f5es Federais de Ensino Superior (Forgepe), destacou a coordenadora Mirian Dantas, trabalha em temas como reforma administrativa, desenvolvimento de redes para forma\u00e7\u00e3o continuada, e o Programa de Gest\u00e3o de Desempenho (PGD). \u201cEstamos desenvolvendo um ambiente para reposit\u00f3rio de documentos e produ\u00e7\u00f5es do F\u00f3rum. Na gest\u00e3o de pessoas h\u00e1 constantes mudan\u00e7as de normas e entendimentos, e precisamos de uma rede para compartilhar e fazer a troca com toda a rede\u201d, salientou Mirian.<\/p>\n\n\n\n<p>Ap\u00f3s a reuni\u00e3o, o presidente da Andifes afirmou que \u201cpara a diretoria da Andifes \u00e9 absolutamente importante termos esses encontros, sendo importante tamb\u00e9m o acompanhamento, por parte da Andifes, de toda interlocu\u00e7\u00e3o dos f\u00f3runs e col\u00e9gios com o MEC e demais \u00f3rg\u00e3os do governo. Vamos realizar mais reuni\u00f5es como essa, inclusive para voc\u00eas saberem o que est\u00e1 acontecendo em outros f\u00f3runs e col\u00e9gios, e para termos um relevante panorama das prioridades\u201d, concluiu Ricardo Marcelo.<\/p>\n\n\n\n<p>Participaram tamb\u00e9m da reuni\u00e3o os reitores e vice-presidentes da Andifes, D\u00e1cio Roberto Matheus (UFABC), Alfredo Macedo Gomes (UFPE), Evandro Aparecido Soares da Silva (UFMT) e o secret\u00e1rio-executivo, Gustavo Balduino.<\/p>\n","protected":false},"excerpt":{"rendered":"<p>A diretoria-executiva da Associa\u00e7\u00e3o Nacional dos Dirigentes das Institui\u00e7\u00f5es Federais de Ensino Superior (Andifes) se reuniu nesta segunda-feira (20) com os presidentes dos col\u00e9gios e f\u00f3runs assessores da entidade, em reuni\u00e3o em formato virtual. O objetivo foi ouvir cada um dos f\u00f3runs para saber quais as principais quest\u00f5es e emerg\u00eancias, e poder compartilhar as experi\u00eancias [&hellip;]<\/p>\n","protected":false},"author":1,"featured_media":473,"comment_status":"closed","ping_status":"open","sticky":false,"template":"","format":"standard","meta":{"footnotes":""},"categories":[4],"tags":[],"class_list":["post-472","post","type-post","status-publish","format-standard","has-post-thumbnail","hentry","category-noticias"],"_links":{"self":[{"href":"https:\/\/fondcf.andifes.org.br\/index.php\/wp-json\/wp\/v2\/posts\/472","targetHints":{"allow":["GET"]}}],"collection":[{"href":"https:\/\/fondcf.andifes.org.br\/index.php\/wp-json\/wp\/v2\/posts"}],"about":[{"href":"https:\/\/fondcf.andifes.org.br\/index.php\/wp-json\/wp\/v2\/types\/post"}],"author":[{"embeddable":true,"href":"https:\/\/fondcf.andifes.org.br\/index.php\/wp-json\/wp\/v2\/users\/1"}],"replies":[{"embeddable":true,"href":"https:\/\/fondcf.andifes.org.br\/index.php\/wp-json\/wp\/v2\/comments?post=472"}],"version-history":[{"count":1,"href":"https:\/\/fondcf.andifes.org.br\/index.php\/wp-json\/wp\/v2\/posts\/472\/revisions"}],"predecessor-version":[{"id":474,"href":"https:\/\/fondcf.andifes.org.br\/index.php\/wp-json\/wp\/v2\/posts\/472\/revisions\/474"}],"wp:featuredmedia":[{"embeddable":true,"href":"https:\/\/fondcf.andifes.org.br\/index.php\/wp-json\/wp\/v2\/media\/473"}],"wp:attachment":[{"href":"https:\/\/fondcf.andifes.org.br\/index.php\/wp-json\/wp\/v2\/media?parent=472"}],"wp:term":[{"taxonomy":"category","embeddable":true,"href":"https:\/\/fondcf.andifes.org.br\/index.php\/wp-json\/wp\/v2\/categories?post=472"},{"taxonomy":"post_tag","embeddable":true,"href":"https:\/\/fondcf.andifes.org.br\/index.php\/wp-json\/wp\/v2\/tags?post=472"}],"curies":[{"name":"wp","href":"https:\/\/api.w.org\/{rel}","templated":true}]}}