{"id":469,"date":"2017-11-07T10:45:26","date_gmt":"2017-11-07T12:45:26","guid":{"rendered":"http:\/\/fondcf.andifes.org.br\/?p=469"},"modified":"2025-02-20T10:45:48","modified_gmt":"2025-02-20T13:45:48","slug":"fondcf-recebe-secretaria-do-tesouro-nacional-e-mec-em-brasilia","status":"publish","type":"post","link":"https:\/\/fondcf.andifes.org.br\/index.php\/2017\/11\/07\/fondcf-recebe-secretaria-do-tesouro-nacional-e-mec-em-brasilia\/","title":{"rendered":"FONDCF recebe Secretaria do Tesouro Nacional e MEC em Bras\u00edlia"},"content":{"rendered":"\n<figure class=\"wp-block-image alignleft\"><a href=\"https:\/\/www.andifes.org.br\/wp-content\/uploads\/2017\/11\/IMG_5147-1.jpg\"><img decoding=\"async\" src=\"https:\/\/www.andifes.org.br\/wp-content\/uploads\/2017\/11\/IMG_5147-1-420x280.jpg\" alt=\"\" class=\"wp-image-54222\"\/><\/a><\/figure>\n\n\n\n<p>O F\u00f3rum Nacional dos Diretores de Contabilidade e Finan\u00e7as das Universidades Federais (FONDCF) est\u00e1 reunido em Bras\u00edlia para concluir as pautas relativas ao exerc\u00edcio 2017. O encontro, realizado de ter\u00e7a-feira a quinta-feira (7 a 9\/11), tem a presen\u00e7a de representantes das contabilidades e finan\u00e7as das 63 universidades federais que comp\u00f5em a Associa\u00e7\u00e3o Nacional dos Dirigentes das Institui\u00e7\u00f5es de Ensino Superior (Andifes).<\/p>\n\n\n\n<p>De acordo com o coordenador do f\u00f3rum, Elias Martins, a reuni\u00e3o tem como objetivo disseminar conhecimento, capacitar os diretores de contabilidade e finan\u00e7as e trocar experi\u00eancias. \u201cA troca de experi\u00eancias \u00e9 sempre uma a\u00e7\u00e3o de grande valor para todos os representantes das universidades, pois todos n\u00f3s enfrentamos os mesmos problemas, e um pode auxiliar os outros. Sempre sa\u00edmos das reuni\u00f5es com solu\u00e7\u00f5es pr\u00e1ticas e eficazes\u201d, ressalta.<\/p>\n\n\n\n<p>Durante a manh\u00e3 do primeiro dia, o secret\u00e1rio-executivo da Andifes, Gustavo Baldu\u00edno, apresentou um panorama do or\u00e7amento da Uni\u00e3o, previsto para 2018. Na sequ\u00eancia, a subsecret\u00e1ria de Contabilidade P\u00fablica do Tesouro Nacional, Gildenora Milhomem, falou sobre a evolu\u00e7\u00e3o da Contabilidade P\u00fablica e Converg\u00eancia \u00e0s Normas Internacionais em rela\u00e7\u00e3o \u00e0 contabilidade brasileira.<br>Novos sistemas que passar\u00e3o a ser obrigat\u00f3rios para controle de estoque e bens m\u00f3veis, assim como para gerenciamento de custos das universidades, tamb\u00e9m est\u00e3o na pauta das reuni\u00f5es e ser\u00e3o apresentados pelo Serpro.<\/p>\n\n\n\n<p>De acordo com o vice coordenador do FONDCF, Daniel Bessa, o \u00faltimo dia de reuni\u00f5es ser\u00e1 dedicado a apresenta\u00e7\u00f5es do Minist\u00e9rio da Educa\u00e7\u00e3o (MEC), oportunidade na qual os participantes recebem atualiza\u00e7\u00e3o dos procedimentos adotados, al\u00e9m de poderem tirar d\u00favidas e resolver pend\u00eancias.<\/p>\n\n\n\n<p>As reuni\u00f5es do FONDCF est\u00e3o sendo realizadas na sede da Andifes.<\/p>\n","protected":false},"excerpt":{"rendered":"<p>O F\u00f3rum Nacional dos Diretores de Contabilidade e Finan\u00e7as das Universidades Federais (FONDCF) est\u00e1 reunido em Bras\u00edlia para concluir as pautas relativas ao exerc\u00edcio 2017. O encontro, realizado de ter\u00e7a-feira a quinta-feira (7 a 9\/11), tem a presen\u00e7a de representantes das contabilidades e finan\u00e7as das 63 universidades federais que comp\u00f5em a Associa\u00e7\u00e3o Nacional dos Dirigentes [&hellip;]<\/p>\n","protected":false},"author":1,"featured_media":470,"comment_status":"closed","ping_status":"open","sticky":false,"template":"","format":"standard","meta":{"footnotes":""},"categories":[4],"tags":[],"class_list":["post-469","post","type-post","status-publish","format-standard","has-post-thumbnail","hentry","category-noticias"],"_links":{"self":[{"href":"https:\/\/fondcf.andifes.org.br\/index.php\/wp-json\/wp\/v2\/posts\/469","targetHints":{"allow":["GET"]}}],"collection":[{"href":"https:\/\/fondcf.andifes.org.br\/index.php\/wp-json\/wp\/v2\/posts"}],"about":[{"href":"https:\/\/fondcf.andifes.org.br\/index.php\/wp-json\/wp\/v2\/types\/post"}],"author":[{"embeddable":true,"href":"https:\/\/fondcf.andifes.org.br\/index.php\/wp-json\/wp\/v2\/users\/1"}],"replies":[{"embeddable":true,"href":"https:\/\/fondcf.andifes.org.br\/index.php\/wp-json\/wp\/v2\/comments?post=469"}],"version-history":[{"count":1,"href":"https:\/\/fondcf.andifes.org.br\/index.php\/wp-json\/wp\/v2\/posts\/469\/revisions"}],"predecessor-version":[{"id":471,"href":"https:\/\/fondcf.andifes.org.br\/index.php\/wp-json\/wp\/v2\/posts\/469\/revisions\/471"}],"wp:featuredmedia":[{"embeddable":true,"href":"https:\/\/fondcf.andifes.org.br\/index.php\/wp-json\/wp\/v2\/media\/470"}],"wp:attachment":[{"href":"https:\/\/fondcf.andifes.org.br\/index.php\/wp-json\/wp\/v2\/media?parent=469"}],"wp:term":[{"taxonomy":"category","embeddable":true,"href":"https:\/\/fondcf.andifes.org.br\/index.php\/wp-json\/wp\/v2\/categories?post=469"},{"taxonomy":"post_tag","embeddable":true,"href":"https:\/\/fondcf.andifes.org.br\/index.php\/wp-json\/wp\/v2\/tags?post=469"}],"curies":[{"name":"wp","href":"https:\/\/api.w.org\/{rel}","templated":true}]}}