{"id":460,"date":"2024-11-21T10:12:06","date_gmt":"2024-11-21T13:12:06","guid":{"rendered":"http:\/\/fondcf.andifes.org.br\/?p=460"},"modified":"2025-02-20T10:34:30","modified_gmt":"2025-02-20T13:34:30","slug":"fondcf-realiza-reuniao-na-sede-da-andifes","status":"publish","type":"post","link":"https:\/\/fondcf.andifes.org.br\/index.php\/2024\/11\/21\/fondcf-realiza-reuniao-na-sede-da-andifes\/","title":{"rendered":"FONDCF realiza reuni\u00e3o na sede da Andifes"},"content":{"rendered":"\n<p>O F\u00f3rum Nacional de Diretores de Contabilidade e Finan\u00e7as das Universidades Federais (FONDCF) est\u00e1 realizando reuni\u00e3o nacional em Bras\u00edlia, na sede da Andifes, nos dias 21 e 22 de novembro.<\/p>\n\n\n\n<figure class=\"wp-block-image size-large\"><img decoding=\"async\" src=\"https:\/\/www.andifes.org.br\/wp-content\/uploads\/2024\/11\/WhatsApp-Image-2024-11-21-at-13.59.04-1024x768.jpeg\" alt=\"\" class=\"wp-image-105245\"\/><\/figure>\n\n\n\n<p>A programa\u00e7\u00e3o inclui uma s\u00e9rie de palestras abordando temas como financiamento, orienta\u00e7\u00f5es sobre quest\u00f5es contratuais e procedimentos para o encerramento de exerc\u00edcios fiscais.<\/p>\n\n\n\n<p>O evento tamb\u00e9m oferece a oportunidade de compartilhar experi\u00eancias inovadoras e aprimorar o conhecimento sobre as melhores pr\u00e1ticas do setor, contribuindo para o fortalecimento da gest\u00e3o financeira nas universidades federais.<\/p>\n","protected":false},"excerpt":{"rendered":"<p>O F\u00f3rum Nacional de Diretores de Contabilidade e Finan\u00e7as das Universidades Federais (FONDCF) est\u00e1 realizando reuni\u00e3o nacional em Bras\u00edlia, na sede da Andifes, nos dias 21 e 22 de novembro. A programa\u00e7\u00e3o inclui uma s\u00e9rie de palestras abordando temas como financiamento, orienta\u00e7\u00f5es sobre quest\u00f5es contratuais e procedimentos para o encerramento de exerc\u00edcios fiscais. O evento [&hellip;]<\/p>\n","protected":false},"author":1,"featured_media":461,"comment_status":"closed","ping_status":"open","sticky":false,"template":"","format":"standard","meta":{"footnotes":""},"categories":[4],"tags":[],"class_list":["post-460","post","type-post","status-publish","format-standard","has-post-thumbnail","hentry","category-noticias"],"_links":{"self":[{"href":"https:\/\/fondcf.andifes.org.br\/index.php\/wp-json\/wp\/v2\/posts\/460","targetHints":{"allow":["GET"]}}],"collection":[{"href":"https:\/\/fondcf.andifes.org.br\/index.php\/wp-json\/wp\/v2\/posts"}],"about":[{"href":"https:\/\/fondcf.andifes.org.br\/index.php\/wp-json\/wp\/v2\/types\/post"}],"author":[{"embeddable":true,"href":"https:\/\/fondcf.andifes.org.br\/index.php\/wp-json\/wp\/v2\/users\/1"}],"replies":[{"embeddable":true,"href":"https:\/\/fondcf.andifes.org.br\/index.php\/wp-json\/wp\/v2\/comments?post=460"}],"version-history":[{"count":1,"href":"https:\/\/fondcf.andifes.org.br\/index.php\/wp-json\/wp\/v2\/posts\/460\/revisions"}],"predecessor-version":[{"id":462,"href":"https:\/\/fondcf.andifes.org.br\/index.php\/wp-json\/wp\/v2\/posts\/460\/revisions\/462"}],"wp:featuredmedia":[{"embeddable":true,"href":"https:\/\/fondcf.andifes.org.br\/index.php\/wp-json\/wp\/v2\/media\/461"}],"wp:attachment":[{"href":"https:\/\/fondcf.andifes.org.br\/index.php\/wp-json\/wp\/v2\/media?parent=460"}],"wp:term":[{"taxonomy":"category","embeddable":true,"href":"https:\/\/fondcf.andifes.org.br\/index.php\/wp-json\/wp\/v2\/categories?post=460"},{"taxonomy":"post_tag","embeddable":true,"href":"https:\/\/fondcf.andifes.org.br\/index.php\/wp-json\/wp\/v2\/tags?post=460"}],"curies":[{"name":"wp","href":"https:\/\/api.w.org\/{rel}","templated":true}]}}