{"id":400,"date":"2024-11-21T17:20:29","date_gmt":"2024-11-21T20:20:29","guid":{"rendered":"http:\/\/fondcf.andifes.org.br\/?p=400"},"modified":"2025-11-03T10:19:13","modified_gmt":"2025-11-03T13:19:13","slug":"xxxv-reuniao-ordinaria-brasilia-df","status":"publish","type":"post","link":"https:\/\/fondcf.andifes.org.br\/index.php\/2024\/11\/21\/xxxv-reuniao-ordinaria-brasilia-df\/","title":{"rendered":"XXXV Reuni\u00e3o Ordin\u00e1ria &#8211; Bras\u00edlia\/DF 21-11-2024"},"content":{"rendered":"\t\t<div data-elementor-type=\"wp-post\" data-elementor-id=\"400\" class=\"elementor elementor-400\">\n\t\t\t\t<div class=\"elementor-element elementor-element-62d94629 e-flex e-con-boxed e-con e-parent\" data-id=\"62d94629\" data-element_type=\"container\">\n\t\t\t\t\t<div class=\"e-con-inner\">\n\t\t<div class=\"elementor-element elementor-element-06688f2 e-flex e-con-boxed e-con e-child\" data-id=\"06688f2\" data-element_type=\"container\" data-settings=\"{&quot;background_background&quot;:&quot;classic&quot;}\">\n\t\t\t\t\t<div class=\"e-con-inner\">\n\t\t<div class=\"elementor-element elementor-element-0f57b95 e-flex e-con-boxed e-con e-child\" data-id=\"0f57b95\" data-element_type=\"container\">\n\t\t\t\t\t<div class=\"e-con-inner\">\n\t\t\t\t<div class=\"elementor-element elementor-element-1c0b60b elementor-widget elementor-widget-heading\" data-id=\"1c0b60b\" data-element_type=\"widget\" data-widget_type=\"heading.default\">\n\t\t\t\t<div class=\"elementor-widget-container\">\n\t\t\t\t\t<h2 class=\"elementor-heading-title elementor-size-default\">XXXV Reuni\u00e3o Ordin\u00e1ria \u2013 Bras\u00edlia\/DF 21-11-2024<\/h2>\t\t\t\t<\/div>\n\t\t\t\t<\/div>\n\t\t\t\t\t<\/div>\n\t\t\t\t<\/div>\n\t\t<div class=\"elementor-element elementor-element-1a50a86 e-flex e-con-boxed e-con e-child\" data-id=\"1a50a86\" data-element_type=\"container\">\n\t\t\t\t\t<div class=\"e-con-inner\">\n\t\t\t\t<div class=\"elementor-element elementor-element-62040b3 elementor-widget elementor-widget-text-editor\" data-id=\"62040b3\" data-element_type=\"widget\" data-widget_type=\"text-editor.default\">\n\t\t\t\t<div class=\"elementor-widget-container\">\n\t\t\t\t\t\t\t\t\t\n<div class=\"wp-block-file\"><a id=\"wp-block-file--media-993c611e-bb61-4877-8023-0662ae1b693d\" href=\"http:\/\/fondcf.andifes.org.br\/wp-content\/uploads\/2025\/02\/Programacao-Fondcf.jpeg\"><span style=\"color: #000000;\">Programa\u00e7\u00e3o FONDC<\/span><\/a><a class=\"wp-block-file__button wp-element-button\" href=\"http:\/\/fondcf.andifes.org.br\/wp-content\/uploads\/2025\/02\/Programacao-Fondcf.jpeg\" download=\"\" aria-describedby=\"wp-block-file--media-993c611e-bb61-4877-8023-0662ae1b693d\">Baixar<\/a><\/div>\n\t\t\t\t\t\t\t\t<\/div>\n\t\t\t\t<\/div>\n\t\t\t\t\t<\/div>\n\t\t\t\t<\/div>\n\t\t\t\t\t<\/div>\n\t\t\t\t<\/div>\n\t\t\t\t\t<\/div>\n\t\t\t\t<\/div>\n\t\t\t\t<\/div>\n\t\t","protected":false},"excerpt":{"rendered":"<p>XXXV Reuni\u00e3o Ordin\u00e1ria \u2013 Bras\u00edlia\/DF 21-11-2024<\/p>\n","protected":false},"author":1,"featured_media":0,"comment_status":"closed","ping_status":"open","sticky":false,"template":"elementor_header_footer","format":"standard","meta":{"footnotes":""},"categories":[6],"tags":[],"class_list":["post-400","post","type-post","status-publish","format-standard","hentry","category-eventos"],"_links":{"self":[{"href":"https:\/\/fondcf.andifes.org.br\/index.php\/wp-json\/wp\/v2\/posts\/400","targetHints":{"allow":["GET"]}}],"collection":[{"href":"https:\/\/fondcf.andifes.org.br\/index.php\/wp-json\/wp\/v2\/posts"}],"about":[{"href":"https:\/\/fondcf.andifes.org.br\/index.php\/wp-json\/wp\/v2\/types\/post"}],"author":[{"embeddable":true,"href":"https:\/\/fondcf.andifes.org.br\/index.php\/wp-json\/wp\/v2\/users\/1"}],"replies":[{"embeddable":true,"href":"https:\/\/fondcf.andifes.org.br\/index.php\/wp-json\/wp\/v2\/comments?post=400"}],"version-history":[{"count":14,"href":"https:\/\/fondcf.andifes.org.br\/index.php\/wp-json\/wp\/v2\/posts\/400\/revisions"}],"predecessor-version":[{"id":1043,"href":"https:\/\/fondcf.andifes.org.br\/index.php\/wp-json\/wp\/v2\/posts\/400\/revisions\/1043"}],"wp:attachment":[{"href":"https:\/\/fondcf.andifes.org.br\/index.php\/wp-json\/wp\/v2\/media?parent=400"}],"wp:term":[{"taxonomy":"category","embeddable":true,"href":"https:\/\/fondcf.andifes.org.br\/index.php\/wp-json\/wp\/v2\/categories?post=400"},{"taxonomy":"post_tag","embeddable":true,"href":"https:\/\/fondcf.andifes.org.br\/index.php\/wp-json\/wp\/v2\/tags?post=400"}],"curies":[{"name":"wp","href":"https:\/\/api.w.org\/{rel}","templated":true}]}}